{"id":1347,"date":"2019-12-20T00:29:57","date_gmt":"2019-12-19T23:29:57","guid":{"rendered":"http:\/\/kneb.wpit.umg.edu.pl\/?p=1347"},"modified":"2020-01-20T13:42:32","modified_gmt":"2020-01-20T12:42:32","slug":"wigilia-w-stella-maris-2","status":"publish","type":"post","link":"https:\/\/kneb.wznj.umg.edu.pl\/?p=1347","title":{"rendered":"Wigilia w Stella Maris"},"content":{"rendered":"<p>Dzi\u0119ki uprzejmo\u015bci ojca Edwarda Pracza, w dniu 16.12.2019 w klubie Stella Maris w Gdyni, odby\u0142a si\u0119 wigilia na kt\u00f3rej spotkali si\u0119 przedstawiciele w\u0142adz uczelnianych jak i studenci. Nasze ko\u0142o reprezentowali opiekun Pawe\u0142 Szyman oraz cz\u0142onkowie Krzysztof Sadowski, Karol Mr\u00f3z oraz \u0141ukasz Kr\u00f3l. Po wsp\u00f3lnym \u015bpiewaniu kol\u0119d i podzieleniu si\u0119 op\u0142atkiem, uczestnicy zasiedli do wsp\u00f3lnotowego posi\u0142ku.<\/p>\n","protected":false},"excerpt":{"rendered":"<p>Dzi\u0119ki uprzejmo\u015bci ojca Edwarda Pracza, w dniu 16.12.2019 w klubie Stella Maris w Gdyni, odby\u0142a si\u0119 wigilia na kt\u00f3rej spotkali si\u0119 przedstawiciele w\u0142adz uczelnianych jak i studenci. Nasze ko\u0142o reprezentowali opiekun Pawe\u0142 Szyman oraz cz\u0142onkowie Krzysztof Sadowski, Karol Mr\u00f3z oraz \u0141ukasz Kr\u00f3l. Po wsp\u00f3lnym \u015bpiewaniu kol\u0119d i podzieleniu si\u0119 op\u0142atkiem, uczestnicy zasiedli do wsp\u00f3lnotowego posi\u0142ku.<\/p>\n","protected":false},"author":1,"featured_media":1337,"comment_status":"closed","ping_status":"open","sticky":false,"template":"","format":"standard","meta":{"footnotes":""},"categories":[3,14],"tags":[],"_links":{"self":[{"href":"https:\/\/kneb.wznj.umg.edu.pl\/index.php?rest_route=\/wp\/v2\/posts\/1347"}],"collection":[{"href":"https:\/\/kneb.wznj.umg.edu.pl\/index.php?rest_route=\/wp\/v2\/posts"}],"about":[{"href":"https:\/\/kneb.wznj.umg.edu.pl\/index.php?rest_route=\/wp\/v2\/types\/post"}],"author":[{"embeddable":true,"href":"https:\/\/kneb.wznj.umg.edu.pl\/index.php?rest_route=\/wp\/v2\/users\/1"}],"replies":[{"embeddable":true,"href":"https:\/\/kneb.wznj.umg.edu.pl\/index.php?rest_route=%2Fwp%2Fv2%2Fcomments&post=1347"}],"version-history":[{"count":1,"href":"https:\/\/kneb.wznj.umg.edu.pl\/index.php?rest_route=\/wp\/v2\/posts\/1347\/revisions"}],"predecessor-version":[{"id":1348,"href":"https:\/\/kneb.wznj.umg.edu.pl\/index.php?rest_route=\/wp\/v2\/posts\/1347\/revisions\/1348"}],"wp:featuredmedia":[{"embeddable":true,"href":"https:\/\/kneb.wznj.umg.edu.pl\/index.php?rest_route=\/wp\/v2\/media\/1337"}],"wp:attachment":[{"href":"https:\/\/kneb.wznj.umg.edu.pl\/index.php?rest_route=%2Fwp%2Fv2%2Fmedia&parent=1347"}],"wp:term":[{"taxonomy":"category","embeddable":true,"href":"https:\/\/kneb.wznj.umg.edu.pl\/index.php?rest_route=%2Fwp%2Fv2%2Fcategories&post=1347"},{"taxonomy":"post_tag","embeddable":true,"href":"https:\/\/kneb.wznj.umg.edu.pl\/index.php?rest_route=%2Fwp%2Fv2%2Ftags&post=1347"}],"curies":[{"name":"wp","href":"https:\/\/api.w.org\/{rel}","templated":true}]}}