{"id":1496,"date":"2021-10-11T15:00:54","date_gmt":"2021-10-11T13:00:54","guid":{"rendered":"https:\/\/kneb.wznj.umg.edu.pl\/?p=1496"},"modified":"2021-12-20T01:53:36","modified_gmt":"2021-12-20T00:53:36","slug":"rozpoczecie-roku-akademickiego-20212022","status":"publish","type":"post","link":"https:\/\/kneb.wznj.umg.edu.pl\/?p=1496","title":{"rendered":"Rozpocz\u0119cie roku akademickiego 2021\/2022"},"content":{"rendered":"<p>Rozpoczynamy nowy rok akademicki i mamy nadziej\u0119, \u017ce b\u0119dzie r\u00f3wnie owocny, jak ostatni, w kt\u00f3rego trakcie nasz sk\u0142ad rozr\u00f3s\u0142 si\u0119 z dw\u00f3ch do a\u017c 26 os\u00f3b. Napisali\u015bmy i zaprezentowali\u015bmy sporo artyku\u0142\u00f3w i prezentacji, na sympozjach i konferencjach naukowych. Stworzyli\u015bmy w\u0142asnego robota oraz nap\u0119dzaj\u0105ca go infrastruktur\u0119 3 aplikacji, komunikuj\u0105cych si\u0119 poprzez chmur\u0119 obliczeniow\u0105. Nasz prezes prowadzi\u0142 warsztaty na dniach otwartych UMG oraz dla uczestnik\u00f3w programu Zdolni z Pomorza.  Wsp\u00f3lnie z Parlament Student\u00f3w Uniwersytetu Morskiego Morskiego w Gdyni zorganizowali\u015bmy konkurs sportowo-fotograficzny. Ponadto nie zapominali\u015bmy o integracjach, mi\u0119dzy innymi na paintballowym polu bitwy, czy na wirtualnym pok\u0142adzie statku w Among Us, a wszystko w doskona\u0142ej atmosferze! <\/p>\n<p>Wszystkich zainteresowanych zapraszamy do do\u0142\u0105czenia do naszego zespo\u0142u!<br \/>\nDo zobaczenia na pok\u0142adzie! <\/p>\n<p>Wasze KNEB<br \/>\nfot. Joanna \u017belazny<\/p>\n<p><img loading=\"lazy\" decoding=\"async\" src=\"https:\/\/kneb.wznj.umg.edu.pl\/wp-content\/uploads\/stateek.jpg\" alt=\"Inspiruj\u0105ce zdj\u0119cie z Daru Pomorza\" width=\"960\" height=\"455\" class=\"aligncenter size-full wp-image-1497\" srcset=\"https:\/\/kneb.wznj.umg.edu.pl\/wp-content\/uploads\/stateek.jpg 960w, https:\/\/kneb.wznj.umg.edu.pl\/wp-content\/uploads\/stateek-300x142.jpg 300w, https:\/\/kneb.wznj.umg.edu.pl\/wp-content\/uploads\/stateek-768x364.jpg 768w\" sizes=\"(max-width: 960px) 100vw, 960px\" \/><\/p>\n","protected":false},"excerpt":{"rendered":"<p>Rozpoczynamy nowy rok akademicki i mamy nadziej\u0119, \u017ce b\u0119dzie r\u00f3wnie owocny, jak ostatni, w kt\u00f3rego trakcie nasz sk\u0142ad rozr\u00f3s\u0142 si\u0119 z dw\u00f3ch do a\u017c 26 os\u00f3b. Napisali\u015bmy i zaprezentowali\u015bmy sporo artyku\u0142\u00f3w i prezentacji, na sympozjach i konferencjach naukowych. Stworzyli\u015bmy w\u0142asnego robota oraz nap\u0119dzaj\u0105ca go infrastruktur\u0119 3 aplikacji, komunikuj\u0105cych si\u0119 poprzez chmur\u0119 obliczeniow\u0105. Nasz prezes prowadzi\u0142<a href=\"https:\/\/kneb.wznj.umg.edu.pl\/?p=1496\">[&#8230;]<\/a><\/p>\n","protected":false},"author":1,"featured_media":1497,"comment_status":"closed","ping_status":"open","sticky":false,"template":"","format":"standard","meta":{"footnotes":""},"categories":[3,14],"tags":[170,171,169],"_links":{"self":[{"href":"https:\/\/kneb.wznj.umg.edu.pl\/index.php?rest_route=\/wp\/v2\/posts\/1496"}],"collection":[{"href":"https:\/\/kneb.wznj.umg.edu.pl\/index.php?rest_route=\/wp\/v2\/posts"}],"about":[{"href":"https:\/\/kneb.wznj.umg.edu.pl\/index.php?rest_route=\/wp\/v2\/types\/post"}],"author":[{"embeddable":true,"href":"https:\/\/kneb.wznj.umg.edu.pl\/index.php?rest_route=\/wp\/v2\/users\/1"}],"replies":[{"embeddable":true,"href":"https:\/\/kneb.wznj.umg.edu.pl\/index.php?rest_route=%2Fwp%2Fv2%2Fcomments&post=1496"}],"version-history":[{"count":2,"href":"https:\/\/kneb.wznj.umg.edu.pl\/index.php?rest_route=\/wp\/v2\/posts\/1496\/revisions"}],"predecessor-version":[{"id":1517,"href":"https:\/\/kneb.wznj.umg.edu.pl\/index.php?rest_route=\/wp\/v2\/posts\/1496\/revisions\/1517"}],"wp:featuredmedia":[{"embeddable":true,"href":"https:\/\/kneb.wznj.umg.edu.pl\/index.php?rest_route=\/wp\/v2\/media\/1497"}],"wp:attachment":[{"href":"https:\/\/kneb.wznj.umg.edu.pl\/index.php?rest_route=%2Fwp%2Fv2%2Fmedia&parent=1496"}],"wp:term":[{"taxonomy":"category","embeddable":true,"href":"https:\/\/kneb.wznj.umg.edu.pl\/index.php?rest_route=%2Fwp%2Fv2%2Fcategories&post=1496"},{"taxonomy":"post_tag","embeddable":true,"href":"https:\/\/kneb.wznj.umg.edu.pl\/index.php?rest_route=%2Fwp%2Fv2%2Ftags&post=1496"}],"curies":[{"name":"wp","href":"https:\/\/api.w.org\/{rel}","templated":true}]}}