{"id":18,"date":"2007-11-21T11:26:59","date_gmt":"2007-11-21T10:26:59","guid":{"rendered":"http:\/\/kneb.pl\/sprawozdanie-z-kskn-2007-w-szczecinie.html"},"modified":"2014-03-05T15:30:01","modified_gmt":"2014-03-05T14:30:01","slug":"sprawozdanie-z-kskn-2007-w-szczecinie","status":"publish","type":"post","link":"https:\/\/kneb.wznj.umg.edu.pl\/?p=18","title":{"rendered":"Sprawozdanie z KSKN 2007 w Szczecinie"},"content":{"rendered":"<p>Zapraszamy do zapoznania si\u0119 ze sprawozdaniem z wyjazdu do Szczecina na III Konferencj\u0119 Studenckich K\u00f3\u0142 Naukowych. W dniach 16-18 pa\u017adziernika 2007r. w Szczecinie odby\u0142a si\u0119 III Konferencja Studenckich K\u00f3\u0142 Naukowych uczelni zwi\u0105zanych z gospodark\u0105 morsk\u0105. Wzi\u0119\u0142y w niej udzia\u0142 poni\u017csze uczelnie: Akademia Morska w Szczecinie, Politechnika Szczeci\u0144ska, Uniwersytet Gda\u0144ski oraz oczywi\u015bcie Akademia Morska w Gdyni.<!--more--><\/p>\n<p>Zosta\u0142y przedstawione prezentacje wydzia\u0142\u00f3w wy\u017cej wymienionych uczelni oraz dzia\u0142alno\u015bci k\u00f3\u0142 naukowych, kt\u00f3re bra\u0142y udzia\u0142 w konferencji.<br \/>\nW drugiej cz\u0119\u015bci wyst\u0105pie\u0144 zosta\u0142y wyg\u0142oszone referaty. Mi\u0119dzy innymi o poni\u017cszej tematyce:<br \/>\n&#8211; \u201eIslandia &#8211; kraina czterech \u017cywio\u0142\u00f3w\u201d<br \/>\n&#8211; \u201eZnaczenie i perspektywy rozwoju Portu Gdynia w \u0142a\u0144cuchu transportowym\u201d<br \/>\n&#8211; \u201eSterowce \u2013 przesz\u0142o\u015b\u0107 czy przysz\u0142o\u015b\u0107<br \/>\n&#8211; \u201eBezpiecze\u0144stwo danych w firmie\u201d.<br \/>\nW\u015br\u00f3d referat\u00f3w, kt\u00f3re w wi\u0119kszo\u015bci zwi\u0105zane by\u0142y z tematyk\u0105 morsk\u0105, wyr\u00f3\u017cni\u0142 si\u0119 referat \u0141ukasza Tomczak z Akademii Morskiej w Gdyni, pt.: \u201eBezpiecze\u0144stwo danych w firmie\u201d. Pomimo, i\u017c nie nawi\u0105zywa\u0142 on do tematyki morskiej, autor otrzyma\u0142 nieoficjaln\u0105 nagrod\u0119 publiczno\u015bci (patrz: zdj\u0119cie :) ).<br \/>\nPo oficjalnej cz\u0119\u015bci naukowej nadszed\u0142 czas na cz\u0119\u015b\u0107 integracyjn\u0105 uczestnik\u00f3w wszystkich k\u00f3\u0142. Wiecz\u00f3r rozpocz\u0105\u0142 si\u0119 wyst\u0105pieniem kabaret\u00f3w, a nast\u0119pnie imprez\u0105 integracyjn\u0105 w klubie studenckim \u201ePod masztami\u201d Akademii Morskiej w Szczecinie.<br \/>\nW niedziel\u0119 uczestnicy powr\u00f3cili do swoich miast.<\/p>\n<p>W konferencji wzieli udzia\u0142:<br \/>\nNKTiL \u201eTRANSLOG\u201d:<br \/>\n&#8211; Joanna G\u0119bka<br \/>\n&#8211; Izabela Baranowska<br \/>\n&#8211; Aleksandra Przytulska<br \/>\nKNeB:<br \/>\n&#8211; Liliana Sienkiewicz<br \/>\n&#8211; Julia Pawlak<br \/>\n&#8211; \u0141ukasz Tomczak<\/p>\n<p><img decoding=\"async\" src=\"http:\/\/kneb.pl\/wp-content\/uploads\/kskn2007.jpg\" alt=\"kskn2007.jpg\" \/><\/p>\n","protected":false},"excerpt":{"rendered":"<p>Zapraszamy do zapoznania si\u0119 ze sprawozdaniem z wyjazdu do Szczecina na III Konferencj\u0119 Studenckich K\u00f3\u0142 Naukowych. W dniach 16-18 pa\u017adziernika 2007r. w Szczecinie odby\u0142a si\u0119 III Konferencja Studenckich K\u00f3\u0142 Naukowych uczelni zwi\u0105zanych z gospodark\u0105 morsk\u0105. Wzi\u0119\u0142y w niej udzia\u0142 poni\u017csze uczelnie: Akademia Morska w Szczecinie, Politechnika Szczeci\u0144ska, Uniwersytet Gda\u0144ski oraz oczywi\u015bcie Akademia Morska w Gdyni.<\/p>\n","protected":false},"author":1,"featured_media":0,"comment_status":"closed","ping_status":"open","sticky":false,"template":"","format":"standard","meta":{"footnotes":""},"categories":[14,1],"tags":[24,23,21,22,118,20],"_links":{"self":[{"href":"https:\/\/kneb.wznj.umg.edu.pl\/index.php?rest_route=\/wp\/v2\/posts\/18"}],"collection":[{"href":"https:\/\/kneb.wznj.umg.edu.pl\/index.php?rest_route=\/wp\/v2\/posts"}],"about":[{"href":"https:\/\/kneb.wznj.umg.edu.pl\/index.php?rest_route=\/wp\/v2\/types\/post"}],"author":[{"embeddable":true,"href":"https:\/\/kneb.wznj.umg.edu.pl\/index.php?rest_route=\/wp\/v2\/users\/1"}],"replies":[{"embeddable":true,"href":"https:\/\/kneb.wznj.umg.edu.pl\/index.php?rest_route=%2Fwp%2Fv2%2Fcomments&post=18"}],"version-history":[{"count":1,"href":"https:\/\/kneb.wznj.umg.edu.pl\/index.php?rest_route=\/wp\/v2\/posts\/18\/revisions"}],"predecessor-version":[{"id":315,"href":"https:\/\/kneb.wznj.umg.edu.pl\/index.php?rest_route=\/wp\/v2\/posts\/18\/revisions\/315"}],"wp:attachment":[{"href":"https:\/\/kneb.wznj.umg.edu.pl\/index.php?rest_route=%2Fwp%2Fv2%2Fmedia&parent=18"}],"wp:term":[{"taxonomy":"category","embeddable":true,"href":"https:\/\/kneb.wznj.umg.edu.pl\/index.php?rest_route=%2Fwp%2Fv2%2Fcategories&post=18"},{"taxonomy":"post_tag","embeddable":true,"href":"https:\/\/kneb.wznj.umg.edu.pl\/index.php?rest_route=%2Fwp%2Fv2%2Ftags&post=18"}],"curies":[{"name":"wp","href":"https:\/\/api.w.org\/{rel}","templated":true}]}}