{"id":968,"date":"2016-04-20T20:47:30","date_gmt":"2016-04-20T18:47:30","guid":{"rendered":"http:\/\/kneb.wpit.am.gdynia.pl\/?p=968"},"modified":"2016-04-20T21:01:44","modified_gmt":"2016-04-20T19:01:44","slug":"nasi-czlonkowie-na-scm-2016","status":"publish","type":"post","link":"https:\/\/kneb.wznj.umg.edu.pl\/?p=968","title":{"rendered":"Nasi cz\u0142onkowie na SCM 2016"},"content":{"rendered":"<p>Ju\u017c w niedziel\u0119 (24.04.2016) cz\u0142onkowie naszego ko\u0142a rusz\u0105 na kolejn\u0105 edycj\u0119 STUDENT MARITIME CONFERENCE 2016, tematem tegorocznej konferencji jest &#8222;Ekologistyka i zr\u00f3wnowa\u017cony rozw\u00f3j transportu w sektorze TSL&#8221;. W zesz\u0142ym roku cieszy\u0142a si\u0119 ona bardzo du\u017cym zainteresowaniem, nie tylko student\u00f3w Akademii Morskiej w Gdyni, ale z ca\u0142ej Polski. Mamy nadzieje \u017ce i w tym roku b\u0119dzie tak rewelacyjnie jak w zesz\u0142ym i \u017ce spotkamy du\u017co znajomych twarzy.<br \/>\nOdliczanie ju\u017c si\u0119 zacz\u0119\u0142o. <\/p>\n<p>Link do postu z zesz\u0142ego roku <a href=\"http:\/\/kneb.wpit.am.gdynia.pl\/?p=743\" title=\"kliknij\">kliknij<\/a><\/p>\n","protected":false},"excerpt":{"rendered":"<p>Ju\u017c w niedziel\u0119 (24.04.2016) cz\u0142onkowie naszego ko\u0142a rusz\u0105 na kolejn\u0105 edycj\u0119 STUDENT MARITIME CONFERENCE 2016, tematem tegorocznej konferencji jest &#8222;Ekologistyka i zr\u00f3wnowa\u017cony rozw\u00f3j transportu w sektorze TSL&#8221;. W zesz\u0142ym roku cieszy\u0142a si\u0119 ona bardzo du\u017cym zainteresowaniem, nie tylko student\u00f3w Akademii Morskiej w Gdyni, ale z ca\u0142ej Polski. Mamy nadzieje \u017ce i w tym roku b\u0119dzie<a href=\"https:\/\/kneb.wznj.umg.edu.pl\/?p=968\">[&#8230;]<\/a><\/p>\n","protected":false},"author":1,"featured_media":971,"comment_status":"closed","ping_status":"open","sticky":false,"template":"","format":"standard","meta":{"footnotes":""},"categories":[3],"tags":[25],"_links":{"self":[{"href":"https:\/\/kneb.wznj.umg.edu.pl\/index.php?rest_route=\/wp\/v2\/posts\/968"}],"collection":[{"href":"https:\/\/kneb.wznj.umg.edu.pl\/index.php?rest_route=\/wp\/v2\/posts"}],"about":[{"href":"https:\/\/kneb.wznj.umg.edu.pl\/index.php?rest_route=\/wp\/v2\/types\/post"}],"author":[{"embeddable":true,"href":"https:\/\/kneb.wznj.umg.edu.pl\/index.php?rest_route=\/wp\/v2\/users\/1"}],"replies":[{"embeddable":true,"href":"https:\/\/kneb.wznj.umg.edu.pl\/index.php?rest_route=%2Fwp%2Fv2%2Fcomments&post=968"}],"version-history":[{"count":4,"href":"https:\/\/kneb.wznj.umg.edu.pl\/index.php?rest_route=\/wp\/v2\/posts\/968\/revisions"}],"predecessor-version":[{"id":973,"href":"https:\/\/kneb.wznj.umg.edu.pl\/index.php?rest_route=\/wp\/v2\/posts\/968\/revisions\/973"}],"wp:featuredmedia":[{"embeddable":true,"href":"https:\/\/kneb.wznj.umg.edu.pl\/index.php?rest_route=\/wp\/v2\/media\/971"}],"wp:attachment":[{"href":"https:\/\/kneb.wznj.umg.edu.pl\/index.php?rest_route=%2Fwp%2Fv2%2Fmedia&parent=968"}],"wp:term":[{"taxonomy":"category","embeddable":true,"href":"https:\/\/kneb.wznj.umg.edu.pl\/index.php?rest_route=%2Fwp%2Fv2%2Fcategories&post=968"},{"taxonomy":"post_tag","embeddable":true,"href":"https:\/\/kneb.wznj.umg.edu.pl\/index.php?rest_route=%2Fwp%2Fv2%2Ftags&post=968"}],"curies":[{"name":"wp","href":"https:\/\/api.w.org\/{rel}","templated":true}]}}